[{"@context":"https:\/\/schema.org\/","@type":"Article","@id":"https:\/\/www.jvema.sk\/co-si-ludia-najdu-najcastejsie-pod-stromcekom\/#Article","mainEntityOfPage":"https:\/\/www.jvema.sk\/co-si-ludia-najdu-najcastejsie-pod-stromcekom\/","headline":"\u010co si \u013eudia n\u00e1jdu naj\u010dastej\u0161ie pod strom\u010dekom?","name":"\u010co si \u013eudia n\u00e1jdu naj\u010dastej\u0161ie pod strom\u010dekom?","description":"V\u00fdskumn\u00e9 agent\u00fary robia r\u00f4zne v\u00fdskumy, ktor\u00e9 charakterizuj\u00fa ob\u013e\u00fabenos\u0165 r\u00f4znych dar\u010dekov, ktor\u00e9 si \u013eudia m\u00f4\u017eu n\u00e1js\u0165 pod viano\u010dn\u00fdm strom\u010dekom. Ja nie som s\u00edce v\u00fdskumn\u00e1 agent\u00fara, ale&hellip;","datePublished":"2019-12-24","dateModified":"2023-04-27","author":{"@type":"Person","@id":"https:\/\/www.jvema.sk\/author\/#Person","name":"","url":"https:\/\/www.jvema.sk\/author\/","identifier":1,"image":{"@type":"ImageObject","@id":"https:\/\/secure.gravatar.com\/avatar\/42264ea8f5170010011c6bbf811aa6c31c20ad3acf2a9bd21dca0746ea8c832a?s=96&d=mm&r=g","url":"https:\/\/secure.gravatar.com\/avatar\/42264ea8f5170010011c6bbf811aa6c31c20ad3acf2a9bd21dca0746ea8c832a?s=96&d=mm&r=g","height":96,"width":96}},"publisher":{"@type":"Organization","name":"jvema.sk","logo":{"@type":"ImageObject","@id":"\/logo.png","url":"\/logo.png","width":600,"height":60}},"image":{"@type":"ImageObject","@id":"https:\/\/www.jvema.sk\/wp-content\/uploads\/img_a309051_w16861_t1577625753.jpg","url":"https:\/\/www.jvema.sk\/wp-content\/uploads\/img_a309051_w16861_t1577625753.jpg","height":0,"width":0},"url":"https:\/\/www.jvema.sk\/co-si-ludia-najdu-najcastejsie-pod-stromcekom\/","about":["Mobil"],"wordCount":399,"articleBody":"V\u00fdskumn\u00e9 agent\u00fary robia r\u00f4zne v\u00fdskumy, ktor\u00e9 charakterizuj\u00fa ob\u013e\u00fabenos\u0165 r\u00f4znych dar\u010dekov, ktor\u00e9 si \u013eudia m\u00f4\u017eu n\u00e1js\u0165 pod viano\u010dn\u00fdm strom\u010dekom. Ja nie som s\u00edce v\u00fdskumn\u00e1 agent\u00fara, ale m\u00e1m zop\u00e1r zn\u00e1mych, ktor\u00fdm som kl\u00e1dla ot\u00e1zku, \u010do by ich najviac pote\u0161ilo pod strom\u010dekom. Samozrejme, \u017ee sa na\u0161lo p\u00e1r v\u00fdmyseln\u00edkov, ktor\u00ed sa jednozna\u010dne zhodli, \u017ee chc\u00fa len sv\u00e4t\u00fd pokoj, ale na moje nasledovn\u00e9 naliehanie, mi prezradili, \u010do by ich naozaj pote\u0161ilo pod strom\u010dekom. A viete, \u010do tento prieskum jednozna\u010dne vyhralo? MOBIL!!! \u00c1no, t\u00e1to z\u00e1zra\u010dn\u00e1 skrinka, ktor\u00fa m\u00e1 dnes u\u017e pomaly ka\u017ed\u00fd. Ale, to n\u00e1m \u013eudom nesta\u010d\u00ed. My chceme ma\u0165 st\u00e1le nov\u0161\u00ed a nov\u0161\u00ed mobiln\u00fd telef\u00f3n. Nie je to tak, \u017ee tento telef\u00f3n by n\u00e1m u\u017e nefungoval. Naopak, funguje v plnej sile a zdrav\u00ed. Ale, na trhu s\u00fa nov\u0161ie modely n\u00e1\u0161ho telef\u00f3nu, ktor\u00e9 maj\u00fa tak\u00e9 funkcie, o ak\u00fdch sa n\u00e1m ani nesn\u00edvalo a my by sme si ich chceli jednozna\u010dne vysk\u00fa\u0161a\u0165 na vlastnej ko\u017ei a vlastni\u0165. Dospel\u00ed verzus deti U det\u00ed je t\u00fa\u017eba ma\u0165 lep\u0161\u00ed telef\u00f3n jednozna\u010dn\u00e1. Ka\u017ed\u00fd de\u0148 s\u00fa v kolekt\u00edve det\u00ed, ktor\u00e9 sa ka\u017ed\u00e9 odli\u0161uje. Niektor\u00e9 deti maj\u00fa najnov\u0161ie telef\u00f3ny, hry, ktor\u00e9 im druh\u00e9 deti z\u00e1vidia a potom si aj oni \u017eelaj\u00fa na Vianoce tak\u00e9to z\u00e1zra\u010dn\u00e9 skrinky. S telef\u00f3nom v\u0161ak prich\u00e1dza aj zodpovednos\u0165 a zaru\u010den\u00e1 starostlivos\u0165. Nie je to len o tom, \u017ee pri k\u00fape to skon\u010d\u00ed. O telef\u00f3n je potrebn\u00e9 sa postara\u0165 a v\u00e1\u017ei\u0165 si ho. Nenosi\u0165 ho do zapr\u00e1\u0161en\u00fdch priestorov, d\u00e1va\u0165 si pozor, aby ste ho neobliali a podobn\u00e9 z\u00e1le\u017eitosti. Ale aj dospel\u00ed by chceli ma\u0165 v\u00fdkonn\u00fd mobiln\u00fd telef\u00f3n, ktor\u00fd sa d\u00e1 sp\u00e1rova\u0165 napr\u00edklad s ich inteligentn\u00fdmi hodinkami, ktor\u00e9 si k\u00fapili. Alebo to chc\u00fa dosta\u0165 v\u0161etko naraz, aby si mohli mera\u0165 svoje v\u00fdkonnosti a ka\u017ed\u00fd de\u0148 pracova\u0165 na svojom zlep\u0161en\u00ed. Neodli\u0161uj\u00fa sa ve\u013emi od det\u00ed, ve\u010f aj oni raz tak\u00ed boli. A teraz s\u00fa mo\u017eno e\u0161te hor\u0161\u00ed. Preto\u017ee si to dovoli\u0165 m\u00f4\u017eu a nerozm\u00fd\u0161\u013eaj\u00fa nad praktickos\u0165ou.                                                                                                                                                                                                                                                                                                                                                                                        3.9\/5 - (8 votes)        "},{"@context":"https:\/\/schema.org\/","@type":"BreadcrumbList","itemListElement":[{"@type":"ListItem","position":1,"name":"\u010co si \u013eudia n\u00e1jdu naj\u010dastej\u0161ie pod strom\u010dekom?","item":"https:\/\/www.jvema.sk\/co-si-ludia-najdu-najcastejsie-pod-stromcekom\/#breadcrumbitem"}]}]