[{"@context":"https:\/\/schema.org\/","@type":"Article","@id":"https:\/\/www.jvema.sk\/blizi-sa-black-friday\/#Article","mainEntityOfPage":"https:\/\/www.jvema.sk\/blizi-sa-black-friday\/","headline":"Bl\u00ed\u017ei sa Black Friday","name":"Bl\u00ed\u017ei sa Black Friday","description":"Ako ste si mohli v\u0161imn\u00fa\u0165, v\u017edy v novembri prich\u00e1dza ka\u017edoro\u010dne a\u017e k n\u00e1m ve\u013emi zn\u00e1my americk\u00fd sviatok &#8211; Black Friday, v preklade &#8211; \u010dierny piatok.&hellip;","datePublished":"2019-11-04","dateModified":"2023-04-27","author":{"@type":"Person","@id":"https:\/\/www.jvema.sk\/author\/#Person","name":"","url":"https:\/\/www.jvema.sk\/author\/","identifier":1,"image":{"@type":"ImageObject","@id":"https:\/\/secure.gravatar.com\/avatar\/42264ea8f5170010011c6bbf811aa6c31c20ad3acf2a9bd21dca0746ea8c832a?s=96&d=mm&r=g","url":"https:\/\/secure.gravatar.com\/avatar\/42264ea8f5170010011c6bbf811aa6c31c20ad3acf2a9bd21dca0746ea8c832a?s=96&d=mm&r=g","height":96,"width":96}},"publisher":{"@type":"Organization","name":"jvema.sk","logo":{"@type":"ImageObject","@id":"\/logo.png","url":"\/logo.png","width":600,"height":60}},"image":{"@type":"ImageObject","@id":"https:\/\/www.jvema.sk\/wp-content\/uploads\/img_a307922_w16861_t1573400433.png","url":"https:\/\/www.jvema.sk\/wp-content\/uploads\/img_a307922_w16861_t1573400433.png","height":0,"width":0},"url":"https:\/\/www.jvema.sk\/blizi-sa-black-friday\/","about":["Nakupovanie"],"wordCount":412,"articleBody":"Ako ste si mohli v\u0161imn\u00fa\u0165, v\u017edy v novembri prich\u00e1dza ka\u017edoro\u010dne a\u017e k n\u00e1m ve\u013emi zn\u00e1my americk\u00fd sviatok &#8211; Black Friday, v preklade &#8211; \u010dierny piatok. Kon\u00e1 sa v\u017edy v piatok po Dni v\u010fakyvzdania v Spojen\u00fdch \u0161t\u00e1toch americk\u00fdch, ktor\u00fd vych\u00e1dza ako \u0161tvrt\u00fd piatok v novembri. V\u0161imli ste si, \u017ee pr\u00e1ve po tomto sviatku prich\u00e1dzaj\u00fa predviano\u010dn\u00e9 reklamy a v\u00fdklady naberaj\u00fa viano\u010dn\u00fd podt\u00f3n? Nie je to len tak, Black Friday sa toti\u017eto pova\u017euje za za\u010diatok predviano\u010dnej n\u00e1kupnej hor\u00fa\u010dky. Zauj\u00edmavos\u0165ou je, \u017ee v Spojen\u00fdch \u0161t\u00e1toch to nie je s\u00edce ofici\u00e1lny sviatok, ale niektor\u00e9 americk\u00e9 \u0161t\u00e1ty maj\u00fa takzvan\u00fd &#8211; De\u0148 po Dni v\u010fakyvzdania &#8211; to znamen\u00e1, \u017ee zv\u00e4\u010d\u0161a \u0161t\u00e1tny zamestnanci dost\u00e1vaj\u00fa vo\u013eno v pr\u00e1ci.Ako vznikol n\u00e1zov? Te\u00f3ri\u00ed je viac, no v\u0161etky vych\u00e1dzaj\u00fa Philadelphie.Jedna hovor\u00ed, \u017ee kv\u00f4li ve\u013ek\u00e9mu zm\u00e4tku v doprave, ktor\u00fd tam za\u010d\u00ednal zvy\u010dajne v de\u0148 po Dni v\u010fakyvzdania. Po\u010das \u0161es\u0165desiatych a sedemdesiatych rokoch minul\u00e9ho storo\u010dia sa za\u010dal roz\u0161irova\u0165. Na\u0161tvan\u00fd taxik\u00e1ri, policajti a autobus\u00e1ri nazvali nasleduj\u00face dva dni po Dni v\u010fakyvzdania za Black Friday aSaturday, a to kv\u00f4li kol\u00f3nam, z\u00e1pcham a chaotickej doprave v mest\u00e1ch. Obchodn\u00edkom nepri\u0161iel tento n\u00e1zov pr\u00edli\u0161 pozit\u00edvny, preto sa ho sna\u017eili premenova\u0165 na Big Friday a Saturday, no ne\u00faspe\u0161ne.\u010cierny piatok a jeho kritika Black Friday m\u00e1 u \u013eud\u00ed ve\u013ek\u00fa odozvu. Firmy vyu\u017e\u00edvaj\u00fa tento sviatok na obrovsk\u00e9 v\u00fdpredaje. U n\u00e1s to v\u0161ak nenaber\u00e1 tak\u00e9 kont\u00fary ako v Amerike i ke\u010f u\u017e aj u n\u00e1s st\u00e1le vo v\u00e4\u010d\u0161om po\u010dte rok, \u010do rok \u013eudia vyu\u017e\u00edvaj\u00fa tieto z\u013eavy. Pozn\u00e1te tie z\u00e1bery, ke\u010f zamestnanci obchodov poriadne ani neotvoria dvere a u\u017e sa na nich val\u00ed dav, ktor\u00fd sa bije a sna\u017e\u00ed sa uchmatn\u00fa\u0165 tie najlep\u0161ie tovary? A nie, nie je to len nahran\u00e9. Ob\u010dania USA s\u00fa naozaj ochotn\u00fd st\u00e1\u0165 hodiny pred obchodmi a n\u00e1sledne rozmeta\u0165 a vypreda\u0165 cel\u00fa predaj\u0148u. \u017dia\u013e, sp\u00e1ja sa s t\u00fdm aj \u010dastej\u0161ie v\u00fdjazdy z\u00e1chran\u00e1rov, kv\u00f4li \u00farazom a r\u00f4znym zraneniam. Preto je tento sviatok ozna\u010dovan\u00fd, sviatkom materi\u00e1lneho sveta a konzumnej spolo\u010dnosti.                                                                                                                                                                                                                                                                                                                                                                                        4.3\/5 - (11 votes)        "},{"@context":"https:\/\/schema.org\/","@type":"BreadcrumbList","itemListElement":[{"@type":"ListItem","position":1,"name":"Bl\u00ed\u017ei sa Black Friday","item":"https:\/\/www.jvema.sk\/blizi-sa-black-friday\/#breadcrumbitem"}]}]